{"id":7266,"date":"2026-04-29T18:27:47","date_gmt":"2026-04-29T16:27:47","guid":{"rendered":"https:\/\/ordrepharmacien.bf\/?p=7266"},"modified":"2026-04-29T18:33:48","modified_gmt":"2026-04-29T16:33:48","slug":"7777-3","status":"publish","type":"post","link":"https:\/\/ordrepharmacien.bf\/index.php\/2026\/04\/29\/7777-3\/","title":{"rendered":"\ud835\udc02\ud835\udc0e\ud835\udc0c\ud835\udc0c\ud835\udc14\ud835\udc0d\ud835\udc08\ud835\udc10\ud835\udc14\ud835\udc04\u0301 \ud835\udc0e\ud835\udc05\ud835\udc05\ud835\udc08\ud835\udc02\ud835\udc08\ud835\udc04\ud835\udc0b \u2013 \ud835\udc11\ud835\udc00\ud835\udc0f\ud835\udc0f\ud835\udc04\ud835\udc0b \ud835\udc00\ud835\udc14 \ud835\udc11\ud835\udc04\ud835\udc12\ud835\udc0f\ud835\udc04\ud835\udc02\ud835\udc13 \ud835\udc03\ud835\udc04\ud835\udc12 \ud835\udc0d\ud835\udc0e\ud835\udc11\ud835\udc0c\ud835\udc04\ud835\udc12 \ud835\udc11\ud835\udc04\u0301\ud835\udc06\ud835\udc0b\ud835\udc04\ud835\udc0c\ud835\udc04\ud835\udc0d\ud835\udc13\ud835\udc00\ud835\udc08\ud835\udc11\ud835\udc04\ud835\udc12 \ud835\udc04\ud835\udc0d \ud835\udc0f\ud835\udc07\ud835\udc00\ud835\udc11\ud835\udc0c\ud835\udc00\ud835\udc02\ud835\udc08\ud835\udc04 \ud835\udc07\ud835\udc0e\ud835\udc12\ud835\udc0f\ud835\udc08\ud835\udc13\ud835\udc00\ud835\udc0b\ud835\udc08\ud835\udc04\u0300\ud835\udc11\ud835\udc04 \ud835\udc04\ud835\udc13 \ud835\udc0b\ud835\udc00\ud835\udc01\ud835\udc0c"},"content":{"rendered":"<p class=\"isSelectedEnd\">Le Conseil National de l\u2019ONPBF rappelle \u00e0 tous les pharmaciens assistants exer\u00e7ant en officine, en pharmacie hospitali\u00e8re et en LABM le strict respect des dispositions r\u00e9glementaires en vigueur.<\/p>\n<p class=\"isSelectedEnd\">\u00a0Des irr\u00e9gularit\u00e9s ont \u00e9t\u00e9 constat\u00e9es, notamment :<\/p>\n<ul data-spread=\"false\">\n<li>Exercice sans inscription dans la section appropri\u00e9e<\/li>\n<li>Absence de contrat de travail valid\u00e9<\/li>\n<\/ul>\n<p class=\"isSelectedEnd\"><strong>Obligations imm\u00e9diates :<\/strong><br \/>\n\u2714\ufe0f S\u2019inscrire dans la section correspondant \u00e0 son exercice<br \/>\n\u2714\ufe0f Faire valider son contrat par l\u2019ANRP et le Conseil r\u00e9gional<br \/>\n\u2714\ufe0f Respecter la zone et les conditions d\u2019exercice<\/p>\n<p class=\"isSelectedEnd\">\u00a0Tout manquement sera consid\u00e9r\u00e9 comme un <strong>exercice ill\u00e9gal de la profession<\/strong>.<\/p>\n<p>\u00a0L\u2019ONPBF appelle \u00e0 la responsabilit\u00e9 et \u00e0 la rigueur pour garantir l\u2019int\u00e9grit\u00e9 de la profession pharmaceutique.<\/p>\n<p>Le communiqu\u00e9\u00a0 est joint \u00e0 la pr\u00e9sente publication.<\/p>\n<p><a href=\"https:\/\/ordrepharmacien.bf\/wp-content\/uploads\/2026\/04\/Respect-des-dispositions-reglementaires-Phcie-Hospitaliere-et-de-LABM-1.pdf\">Respect des dispositions reglementaires Phcie Hospitali\u00e8re et de LABM (1)<\/a><\/p>\n","protected":false},"excerpt":{"rendered":"<p>Le Conseil National de l\u2019ONPBF rappelle \u00e0 tous les pharmaciens assistants exer\u00e7ant en officine, en pharmacie hospitali\u00e8re et en LABM le strict respect des dispositions r\u00e9glementaires en vigueur. \u00a0Des irr\u00e9gularit\u00e9s ont \u00e9t\u00e9 constat\u00e9es, notamment : Exercice sans inscription dans la section appropri\u00e9e Absence de contrat de travail valid\u00e9 Obligations imm\u00e9diates : \u2714\ufe0f S\u2019inscrire dans la [&hellip;]<\/p>\n","protected":false},"author":3,"featured_media":7127,"comment_status":"open","ping_status":"open","sticky":false,"template":"","format":"standard","meta":{"footnotes":""},"categories":[1,3],"tags":[],"class_list":["post-7266","post","type-post","status-publish","format-standard","has-post-thumbnail","hentry","category-actualite","category-communique"],"_links":{"self":[{"href":"https:\/\/ordrepharmacien.bf\/index.php\/wp-json\/wp\/v2\/posts\/7266","targetHints":{"allow":["GET"]}}],"collection":[{"href":"https:\/\/ordrepharmacien.bf\/index.php\/wp-json\/wp\/v2\/posts"}],"about":[{"href":"https:\/\/ordrepharmacien.bf\/index.php\/wp-json\/wp\/v2\/types\/post"}],"author":[{"embeddable":true,"href":"https:\/\/ordrepharmacien.bf\/index.php\/wp-json\/wp\/v2\/users\/3"}],"replies":[{"embeddable":true,"href":"https:\/\/ordrepharmacien.bf\/index.php\/wp-json\/wp\/v2\/comments?post=7266"}],"version-history":[{"count":3,"href":"https:\/\/ordrepharmacien.bf\/index.php\/wp-json\/wp\/v2\/posts\/7266\/revisions"}],"predecessor-version":[{"id":7270,"href":"https:\/\/ordrepharmacien.bf\/index.php\/wp-json\/wp\/v2\/posts\/7266\/revisions\/7270"}],"wp:featuredmedia":[{"embeddable":true,"href":"https:\/\/ordrepharmacien.bf\/index.php\/wp-json\/wp\/v2\/media\/7127"}],"wp:attachment":[{"href":"https:\/\/ordrepharmacien.bf\/index.php\/wp-json\/wp\/v2\/media?parent=7266"}],"wp:term":[{"taxonomy":"category","embeddable":true,"href":"https:\/\/ordrepharmacien.bf\/index.php\/wp-json\/wp\/v2\/categories?post=7266"},{"taxonomy":"post_tag","embeddable":true,"href":"https:\/\/ordrepharmacien.bf\/index.php\/wp-json\/wp\/v2\/tags?post=7266"}],"curies":[{"name":"wp","href":"https:\/\/api.w.org\/{rel}","templated":true}]}}