{"id":7130,"date":"2026-01-20T13:07:32","date_gmt":"2026-01-20T12:07:32","guid":{"rendered":"https:\/\/ordrepharmacien.bf\/?p=7130"},"modified":"2026-02-05T10:47:31","modified_gmt":"2026-02-05T09:47:31","slug":"o","status":"publish","type":"post","link":"https:\/\/ordrepharmacien.bf\/index.php\/2026\/01\/20\/o\/","title":{"rendered":"\ud835\udc0e\ud835\udc1f\ud835\udc1f\ud835\udc22\ud835\udc1c\ud835\udc22\ud835\udc27\ud835\udc1e\ud835\udc2c \ud835\udc29\ud835\udc21\ud835\udc1a\ud835\udc2b\ud835\udc26\ud835\udc1a\ud835\udc1c\ud835\udc1e\ud835\udc2e\ud835\udc2d\ud835\udc22\ud835\udc2a\ud835\udc2e\ud835\udc1e\ud835\udc2c \ud835\udc29\ud835\udc2b\ud835\udc22\ud835\udc2f\u00e9\ud835\udc1e\ud835\udc2c : \ud835\udc25\ud835\udc1e \ud835\udc2b\u00e9\ud835\udc29\ud835\udc1e\ud835\udc2b\ud835\udc2d\ud835\udc28\ud835\udc22\ud835\udc2b\ud835\udc1e \ud835\udfd0\ud835\udfce\ud835\udfd0\ud835\udfd3 \ud835\udc1d\u00e9\ud835\udc2c\ud835\udc28\ud835\udc2b\ud835\udc26\ud835\udc1a\ud835\udc22\ud835\udc2c \ud835\udc1d\ud835\udc22\ud835\udc2c\ud835\udc29\ud835\udc28\ud835\udc27\ud835\udc22\ud835\udc1b\ud835\udc25\ud835\udc1e"},"content":{"rendered":"<div class=\"xdj266r x14z9mp xat24cr x1lziwak x1vvkbs x126k92a\">\n<div dir=\"auto\"><\/div>\n<\/div>\n<div class=\"x14z9mp xat24cr x1lziwak x1vvkbs xtlvy1s x126k92a\">\n<div dir=\"auto\">L\u2019Agence nationale de r\u00e9gulation pharmaceutique (ANRP) a publi\u00e9 l\u2019\u00e9dition 2025 du \ud835\udc11\u00e9\ud835\udc29\ud835\udc1e\ud835\udc2b\ud835\udc2d\ud835\udc28\ud835\udc22\ud835\udc2b\ud835\udc1e \ud835\udc1d\ud835\udc1e\ud835\udc2c \ud835\udc28\ud835\udc1f\ud835\udc1f\ud835\udc22\ud835\udc1c\ud835\udc22\ud835\udc27\ud835\udc1e\ud835\udc2c \ud835\udc29\ud835\udc21\ud835\udc1a\ud835\udc2b\ud835\udc26\ud835\udc1a\ud835\udc1c\ud835\udc1e\ud835\udc2e\ud835\udc2d\ud835\udc22\ud835\udc2a\ud835\udc2e\ud835\udc1e\ud835\udc2c \ud835\udc29\ud835\udc2b\ud835\udc22\ud835\udc2f\u00e9\ud835\udc1e\ud835\udc2c, un document de r\u00e9f\u00e9rence destin\u00e9 \u00e0 renforcer l\u2019organisation et la lisibilit\u00e9 du r\u00e9seau officinal au Burkina Faso.<\/div>\n<div dir=\"auto\"><\/div>\n<\/div>\n<div class=\"x14z9mp xat24cr x1lziwak x1vvkbs xtlvy1s x126k92a\">\n<div dir=\"auto\">Ce r\u00e9pertoire recense les officines r\u00e9guli\u00e8rement autoris\u00e9es \u00e0 exercer sur l\u2019ensemble du territoire national, class\u00e9es par r\u00e9gions, provinces et communes.<\/div>\n<\/div>\n<div class=\"x14z9mp xat24cr x1lziwak x1vvkbs xtlvy1s x126k92a\">\n<div dir=\"auto\">Il constitue un outil essentiel aussi bien pour les professionnels de sant\u00e9 que pour les populations, en facilitant l\u2019identification des officines l\u00e9galement reconnues et en contribuant \u00e0 la promotion d\u2019un acc\u00e8s s\u00e9curis\u00e9 au m\u00e9dicament.<\/div>\n<div dir=\"auto\"><\/div>\n<\/div>\n<div class=\"x14z9mp xat24cr x1lziwak x1vvkbs xtlvy1s x126k92a\">\n<div dir=\"auto\">Le document est mis \u00e0 la disposition du public \u00e0 travers le lien joint \u00e0 cet article. L\u2019Ordre National des Pharmaciens du Burkina Faso invite l\u2019ensemble des acteurs du secteur et les usagers \u00e0 s\u2019y r\u00e9f\u00e9rer pour toute information relative aux officines pharmaceutiques priv\u00e9es autoris\u00e9es.<\/div>\n<\/div>\n<div class=\"x14z9mp xat24cr x1lziwak x1vvkbs xtlvy1s x126k92a\">\n<div dir=\"auto\"><span class=\"html-span xdj266r x14z9mp xat24cr x1lziwak xexx8yu xyri2b x18d9i69 x1c1uobl x1hl2dhg x16tdsg8 x1vvkbs\"><a class=\"x1i10hfl xjbqb8w x1ejq31n x18oe1m7 x1sy0etr xstzfhl x972fbf x10w94by x1qhh985 x14e42zd x9f619 x1ypdohk xt0psk2 x3ct3a4 xdj266r x14z9mp xat24cr x1lziwak xexx8yu xyri2b x18d9i69 x1c1uobl x16tdsg8 x1hl2dhg xggy1nq x1a2a7pz xkrqix3 x1sur9pj x1fey0fg x1s688f\" tabindex=\"0\" role=\"link\" href=\"https:\/\/ordrepharmacien.bf\/wp-content\/uploads\/2026\/01\/Repertoire_des_officines_pharmaceutiques_privees_VF_2025_Non_Controle.pdf?fbclid=IwZXh0bgNhZW0CMTAAYnJpZBExbER4WW40cU5WVmhMbHBFN3NydGMGYXBwX2lkEDIyMjAzOTE3ODgyMDA4OTIAAR5GXiLcANpfcx827kKRbAi5Cz9dYa7ZisjWr7BnPPH7vYVAj-8EpnMaIM0gKw_aem_aXBYIA86BAciA96YyB6cGQ\" target=\"_blank\" rel=\"nofollow noopener\">https:\/\/ordrepharmacien.bf\/&#8230;\/Repertoire_des_officines&#8230;<\/a><\/span><\/div>\n<\/div>\n<div class=\"x14z9mp xat24cr x1lziwak x1vvkbs xtlvy1s x126k92a\">\n<div dir=\"auto\"><\/div>\n<div dir=\"auto\">\ud835\udc02\ud835\udc28\ud835\udc26 \ud835\udc0e\ud835\udc0d\ud835\udc0f\ud835\udc01\ud835\udc05<\/div>\n<\/div>\n","protected":false},"excerpt":{"rendered":"<p>L\u2019Agence nationale de r\u00e9gulation pharmaceutique (ANRP) a publi\u00e9 l\u2019\u00e9dition 2025 du \ud835\udc11\u00e9\ud835\udc29\ud835\udc1e\ud835\udc2b\ud835\udc2d\ud835\udc28\ud835\udc22\ud835\udc2b\ud835\udc1e \ud835\udc1d\ud835\udc1e\ud835\udc2c \ud835\udc28\ud835\udc1f\ud835\udc1f\ud835\udc22\ud835\udc1c\ud835\udc22\ud835\udc27\ud835\udc1e\ud835\udc2c \ud835\udc29\ud835\udc21\ud835\udc1a\ud835\udc2b\ud835\udc26\ud835\udc1a\ud835\udc1c\ud835\udc1e\ud835\udc2e\ud835\udc2d\ud835\udc22\ud835\udc2a\ud835\udc2e\ud835\udc1e\ud835\udc2c \ud835\udc29\ud835\udc2b\ud835\udc22\ud835\udc2f\u00e9\ud835\udc1e\ud835\udc2c, un document de r\u00e9f\u00e9rence destin\u00e9 \u00e0 renforcer l\u2019organisation et la lisibilit\u00e9 du r\u00e9seau officinal au Burkina Faso. Ce r\u00e9pertoire recense les officines r\u00e9guli\u00e8rement autoris\u00e9es \u00e0 exercer sur l\u2019ensemble du territoire national, class\u00e9es par r\u00e9gions, provinces et communes. Il constitue [&hellip;]<\/p>\n","protected":false},"author":3,"featured_media":7131,"comment_status":"open","ping_status":"open","sticky":false,"template":"","format":"standard","meta":{"footnotes":""},"categories":[1],"tags":[],"class_list":["post-7130","post","type-post","status-publish","format-standard","has-post-thumbnail","hentry","category-actualite"],"_links":{"self":[{"href":"https:\/\/ordrepharmacien.bf\/index.php\/wp-json\/wp\/v2\/posts\/7130","targetHints":{"allow":["GET"]}}],"collection":[{"href":"https:\/\/ordrepharmacien.bf\/index.php\/wp-json\/wp\/v2\/posts"}],"about":[{"href":"https:\/\/ordrepharmacien.bf\/index.php\/wp-json\/wp\/v2\/types\/post"}],"author":[{"embeddable":true,"href":"https:\/\/ordrepharmacien.bf\/index.php\/wp-json\/wp\/v2\/users\/3"}],"replies":[{"embeddable":true,"href":"https:\/\/ordrepharmacien.bf\/index.php\/wp-json\/wp\/v2\/comments?post=7130"}],"version-history":[{"count":1,"href":"https:\/\/ordrepharmacien.bf\/index.php\/wp-json\/wp\/v2\/posts\/7130\/revisions"}],"predecessor-version":[{"id":7132,"href":"https:\/\/ordrepharmacien.bf\/index.php\/wp-json\/wp\/v2\/posts\/7130\/revisions\/7132"}],"wp:featuredmedia":[{"embeddable":true,"href":"https:\/\/ordrepharmacien.bf\/index.php\/wp-json\/wp\/v2\/media\/7131"}],"wp:attachment":[{"href":"https:\/\/ordrepharmacien.bf\/index.php\/wp-json\/wp\/v2\/media?parent=7130"}],"wp:term":[{"taxonomy":"category","embeddable":true,"href":"https:\/\/ordrepharmacien.bf\/index.php\/wp-json\/wp\/v2\/categories?post=7130"},{"taxonomy":"post_tag","embeddable":true,"href":"https:\/\/ordrepharmacien.bf\/index.php\/wp-json\/wp\/v2\/tags?post=7130"}],"curies":[{"name":"wp","href":"https:\/\/api.w.org\/{rel}","templated":true}]}}