{"id":7123,"date":"2026-01-19T18:46:52","date_gmt":"2026-01-19T17:46:52","guid":{"rendered":"https:\/\/ordrepharmacien.bf\/?p=7123"},"modified":"2026-01-19T19:02:27","modified_gmt":"2026-01-19T18:02:27","slug":"inscription-annuelle-au-tableau-de-lordre-un-devoir-professionnel-incontournable","status":"publish","type":"post","link":"https:\/\/ordrepharmacien.bf\/index.php\/2026\/01\/19\/inscription-annuelle-au-tableau-de-lordre-un-devoir-professionnel-incontournable\/","title":{"rendered":"Inscription annuelle au tableau de l\u2019Ordre : un devoir professionnel incontournable"},"content":{"rendered":"<p data-start=\"226\" data-end=\"521\">Le Pr\u00e9sident de l\u2019Ordre National des Pharmaciens du Burkina, <strong data-start=\"287\" data-end=\"303\">Dr Nao N\u00e9di\u00e9<\/strong>, rappelle \u00e0 l\u2019ensemble des pharmaciens l\u2019obligation d\u2019inscription annuelle au tableau de l\u2019Ordre, une exigence r\u00e9glementaire qui conditionne l\u2019exercice l\u00e9gal de la profession pharmaceutique sur le territoire national.<\/p>\n<p data-start=\"523\" data-end=\"922\">\u00c0 travers cette note officielle qu\u2019il a sign\u00e9e, <strong data-start=\"571\" data-end=\"587\">Dr Nao N\u00e9di\u00e9<\/strong> souligne que l\u2019inscription annuelle constitue un acte essentiel de responsabilit\u00e9 professionnelle. Elle permet \u00e0 l\u2019Ordre National des Pharmaciens du Burkina d\u2019assurer la r\u00e9gulation de la profession, de veiller au respect des r\u00e8gles d\u00e9ontologiques et de garantir la qualit\u00e9 et la s\u00e9curit\u00e9 du m\u00e9dicament au service de la sant\u00e9 publique.<\/p>\n<p data-start=\"924\" data-end=\"1172\">Tous les pharmaciens, quel que soit leur secteur d\u2019activit\u00e9, officine, h\u00f4pital, secteur public ou priv\u00e9, sont concern\u00e9s par cette obligation. Le non-respect de cette formalit\u00e9 expose le pharmacien aux cons\u00e9quences pr\u00e9vues par les textes en vigueur.<\/p>\n<p data-start=\"1174\" data-end=\"1481\">Le Pr\u00e9sident de l\u2019Ordre National des Pharmaciens du Burkina invite en cons\u00e9quence chaque pharmacien \u00e0 se conformer scrupuleusement aux dispositions r\u00e9glementaires et \u00e0 prendre connaissance du document joint, qui pr\u00e9cise les modalit\u00e9s et les implications li\u00e9es \u00e0 l\u2019inscription annuelle au tableau de l\u2019Ordre.<\/p>\n<p><a href=\"https:\/\/ordrepharmacien.bf\/wp-content\/uploads\/2026\/01\/Rappel-sur-linscription-annuelle-au-tableau-de-lOrdre-des-pharmaciens-1-1.pdf\">Rappel sur l&#8217;inscription annuelle au tableau de l&#8217;Ordre des pharmaciens<\/a><\/p>\n","protected":false},"excerpt":{"rendered":"<p>Le Pr\u00e9sident de l\u2019Ordre National des Pharmaciens du Burkina, Dr Nao N\u00e9di\u00e9, rappelle \u00e0 l\u2019ensemble des pharmaciens l\u2019obligation d\u2019inscription annuelle au tableau de l\u2019Ordre, une exigence r\u00e9glementaire qui conditionne l\u2019exercice l\u00e9gal de la profession pharmaceutique sur le territoire national. \u00c0 travers cette note officielle qu\u2019il a sign\u00e9e, Dr Nao N\u00e9di\u00e9 souligne que l\u2019inscription annuelle constitue [&hellip;]<\/p>\n","protected":false},"author":3,"featured_media":7127,"comment_status":"open","ping_status":"open","sticky":false,"template":"","format":"standard","meta":{"footnotes":""},"categories":[1],"tags":[],"class_list":["post-7123","post","type-post","status-publish","format-standard","has-post-thumbnail","hentry","category-actualite"],"_links":{"self":[{"href":"https:\/\/ordrepharmacien.bf\/index.php\/wp-json\/wp\/v2\/posts\/7123","targetHints":{"allow":["GET"]}}],"collection":[{"href":"https:\/\/ordrepharmacien.bf\/index.php\/wp-json\/wp\/v2\/posts"}],"about":[{"href":"https:\/\/ordrepharmacien.bf\/index.php\/wp-json\/wp\/v2\/types\/post"}],"author":[{"embeddable":true,"href":"https:\/\/ordrepharmacien.bf\/index.php\/wp-json\/wp\/v2\/users\/3"}],"replies":[{"embeddable":true,"href":"https:\/\/ordrepharmacien.bf\/index.php\/wp-json\/wp\/v2\/comments?post=7123"}],"version-history":[{"count":2,"href":"https:\/\/ordrepharmacien.bf\/index.php\/wp-json\/wp\/v2\/posts\/7123\/revisions"}],"predecessor-version":[{"id":7128,"href":"https:\/\/ordrepharmacien.bf\/index.php\/wp-json\/wp\/v2\/posts\/7123\/revisions\/7128"}],"wp:featuredmedia":[{"embeddable":true,"href":"https:\/\/ordrepharmacien.bf\/index.php\/wp-json\/wp\/v2\/media\/7127"}],"wp:attachment":[{"href":"https:\/\/ordrepharmacien.bf\/index.php\/wp-json\/wp\/v2\/media?parent=7123"}],"wp:term":[{"taxonomy":"category","embeddable":true,"href":"https:\/\/ordrepharmacien.bf\/index.php\/wp-json\/wp\/v2\/categories?post=7123"},{"taxonomy":"post_tag","embeddable":true,"href":"https:\/\/ordrepharmacien.bf\/index.php\/wp-json\/wp\/v2\/tags?post=7123"}],"curies":[{"name":"wp","href":"https:\/\/api.w.org\/{rel}","templated":true}]}}