{"id":7034,"date":"2025-10-26T21:20:39","date_gmt":"2025-10-26T20:20:39","guid":{"rendered":"https:\/\/ordrepharmacien.bf\/?p=7034"},"modified":"2025-10-27T17:53:51","modified_gmt":"2025-10-27T16:53:51","slug":"6ejournee10econgres","status":"publish","type":"post","link":"https:\/\/ordrepharmacien.bf\/index.php\/2025\/10\/26\/6ejournee10econgres\/","title":{"rendered":"6\u1d49 Journ\u00e9e et 10\u1d49 Congr\u00e8s de l\u2019Ordre National des Pharmaciens du Burkina Faso"},"content":{"rendered":"<p data-start=\"197\" data-end=\"400\"><img fetchpriority=\"high\" decoding=\"async\" class=\"alignnone wp-image-7035 size-full\" src=\"https:\/\/ordrepharmacien.bf\/wp-content\/uploads\/2025\/10\/WhatsApp-Image-2025-10-26-at-15.48.34-1.jpeg\" alt=\"\" width=\"1080\" height=\"1080\" srcset=\"https:\/\/ordrepharmacien.bf\/wp-content\/uploads\/2025\/10\/WhatsApp-Image-2025-10-26-at-15.48.34-1.jpeg 1080w, https:\/\/ordrepharmacien.bf\/wp-content\/uploads\/2025\/10\/WhatsApp-Image-2025-10-26-at-15.48.34-1-300x300.jpeg 300w, https:\/\/ordrepharmacien.bf\/wp-content\/uploads\/2025\/10\/WhatsApp-Image-2025-10-26-at-15.48.34-1-1024x1024.jpeg 1024w, https:\/\/ordrepharmacien.bf\/wp-content\/uploads\/2025\/10\/WhatsApp-Image-2025-10-26-at-15.48.34-1-150x150.jpeg 150w, https:\/\/ordrepharmacien.bf\/wp-content\/uploads\/2025\/10\/WhatsApp-Image-2025-10-26-at-15.48.34-1-768x768.jpeg 768w\" sizes=\"(max-width: 1080px) 100vw, 1080px\" \/><\/p>\n<p data-start=\"197\" data-end=\"400\">La grande famille pharmaceutique du Burkina Faso se pr\u00e9pare \u00e0 se retrouver pour un \u00e9v\u00e9nement majeur plac\u00e9 sous le signe de l\u2019\u00e9change, de la r\u00e9flexion et de la coh\u00e9sion autour de notre noble profession.<\/p>\n<p data-start=\"402\" data-end=\"642\">Sous le leadership du <strong data-start=\"424\" data-end=\"440\">Dr NAO N\u00e9di\u00e9<\/strong>, Pr\u00e9sident du Conseil National de l\u2019Ordre, la 6\u1d49 Journ\u00e9e et le 10\u1d49 Congr\u00e8s de l\u2019Ordre National des Pharmaciens se tiendront <strong data-start=\"565\" data-end=\"593\">du 29 au 31 octobre 2025<\/strong>, \u00e0 la <strong data-start=\"600\" data-end=\"639\">Salle des Conf\u00e9rences de Ouaga 2000<\/strong>.<\/p>\n<p data-start=\"644\" data-end=\"853\">Cet \u00e9v\u00e9nement offrira aux pharmaciens l\u2019opportunit\u00e9 de partager leurs exp\u00e9riences, de discuter des enjeux actuels de la profession et de renforcer les liens au sein de la communaut\u00e9 pharmaceutique nationale.<\/p>\n<p data-start=\"855\" data-end=\"1016\">Nous invitons <strong data-start=\"869\" data-end=\"903\">tous les confr\u00e8res et cons\u0153urs<\/strong> \u00e0 participer activement \u00e0 ce moment d\u2019\u00e9changes et \u00e0 contribuer au rayonnement de la pharmacie au Burkina Faso.<\/p>\n<p data-start=\"1018\" data-end=\"1102\"><strong data-start=\"1018\" data-end=\"1100\">Ne manquez pas ce rendez-vous incontournable de la profession pharmaceutique !<\/strong><\/p>\n<p data-start=\"1018\" data-end=\"1102\"><strong>Service de communication ONPB<\/strong><\/p>\n","protected":false},"excerpt":{"rendered":"<p>La grande famille pharmaceutique du Burkina Faso se pr\u00e9pare \u00e0 se retrouver pour un \u00e9v\u00e9nement majeur plac\u00e9 sous le signe de l\u2019\u00e9change, de la r\u00e9flexion et de la coh\u00e9sion autour de notre noble profession. Sous le leadership du Dr NAO N\u00e9di\u00e9, Pr\u00e9sident du Conseil National de l\u2019Ordre, la 6\u1d49 Journ\u00e9e et le 10\u1d49 Congr\u00e8s de [&hellip;]<\/p>\n","protected":false},"author":3,"featured_media":7045,"comment_status":"open","ping_status":"open","sticky":false,"template":"","format":"standard","meta":{"footnotes":""},"categories":[63,1],"tags":[],"class_list":["post-7034","post","type-post","status-publish","format-standard","has-post-thumbnail","hentry","category-10-eme-congres-6eme-journee","category-actualite"],"_links":{"self":[{"href":"https:\/\/ordrepharmacien.bf\/index.php\/wp-json\/wp\/v2\/posts\/7034","targetHints":{"allow":["GET"]}}],"collection":[{"href":"https:\/\/ordrepharmacien.bf\/index.php\/wp-json\/wp\/v2\/posts"}],"about":[{"href":"https:\/\/ordrepharmacien.bf\/index.php\/wp-json\/wp\/v2\/types\/post"}],"author":[{"embeddable":true,"href":"https:\/\/ordrepharmacien.bf\/index.php\/wp-json\/wp\/v2\/users\/3"}],"replies":[{"embeddable":true,"href":"https:\/\/ordrepharmacien.bf\/index.php\/wp-json\/wp\/v2\/comments?post=7034"}],"version-history":[{"count":3,"href":"https:\/\/ordrepharmacien.bf\/index.php\/wp-json\/wp\/v2\/posts\/7034\/revisions"}],"predecessor-version":[{"id":7046,"href":"https:\/\/ordrepharmacien.bf\/index.php\/wp-json\/wp\/v2\/posts\/7034\/revisions\/7046"}],"wp:featuredmedia":[{"embeddable":true,"href":"https:\/\/ordrepharmacien.bf\/index.php\/wp-json\/wp\/v2\/media\/7045"}],"wp:attachment":[{"href":"https:\/\/ordrepharmacien.bf\/index.php\/wp-json\/wp\/v2\/media?parent=7034"}],"wp:term":[{"taxonomy":"category","embeddable":true,"href":"https:\/\/ordrepharmacien.bf\/index.php\/wp-json\/wp\/v2\/categories?post=7034"},{"taxonomy":"post_tag","embeddable":true,"href":"https:\/\/ordrepharmacien.bf\/index.php\/wp-json\/wp\/v2\/tags?post=7034"}],"curies":[{"name":"wp","href":"https:\/\/api.w.org\/{rel}","templated":true}]}}