{"id":6915,"date":"2025-07-26T17:57:44","date_gmt":"2025-07-26T15:57:44","guid":{"rendered":"https:\/\/ordrepharmacien.bf\/?p=6915"},"modified":"2025-07-29T14:13:53","modified_gmt":"2025-07-29T12:13:53","slug":"sessionordinaire2025","status":"publish","type":"post","link":"https:\/\/ordrepharmacien.bf\/index.php\/2025\/07\/26\/sessionordinaire2025\/","title":{"rendered":"L&#8217;Ordre National des Pharmaciens du Burkina Faso (ONPBF) a tenu sa premi\u00e8re session ordinaire de l&#8217;ann\u00e9e 2025 du Conseil National ce vendredi 25 juillet 2025"},"content":{"rendered":"<p><strong>L&#8217;Ordre National des Pharmaciens du Burkina Faso (ONPBF) a tenu sa premi\u00e8re session ordinaire de l&#8217;ann\u00e9e 2025 du Conseil National ce vendredi 25 juillet 2025 \u00e0 AZALAI HOTEL\u00a0 \u00e0 Ouagadougou<\/strong><strong>. Cette session a \u00e9t\u00e9 pr\u00e9sid\u00e9e par le Pr\u00e9sident du CONPBF, Dr Nao N\u00e9di\u00e9.<\/strong><\/p>\n<p><img fetchpriority=\"high\" decoding=\"async\" class=\"alignnone wp-image-6917 size-full\" src=\"https:\/\/ordrepharmacien.bf\/wp-content\/uploads\/2025\/07\/WhatsApp-Image-2025-07-25-a-18.23.07_360387cb.jpg\" alt=\"\" width=\"900\" height=\"876\" srcset=\"https:\/\/ordrepharmacien.bf\/wp-content\/uploads\/2025\/07\/WhatsApp-Image-2025-07-25-a-18.23.07_360387cb.jpg 900w, https:\/\/ordrepharmacien.bf\/wp-content\/uploads\/2025\/07\/WhatsApp-Image-2025-07-25-a-18.23.07_360387cb-300x292.jpg 300w, https:\/\/ordrepharmacien.bf\/wp-content\/uploads\/2025\/07\/WhatsApp-Image-2025-07-25-a-18.23.07_360387cb-768x748.jpg 768w\" sizes=\"(max-width: 900px) 100vw, 900px\" \/><\/p>\n<p>Au cours de cette session, plusieurs sujets cruciaux pour la profession pharmaceutique ont \u00e9t\u00e9 d\u00e9battus : Le rapport d&#8217;activit\u00e9s pour l&#8217;ann\u00e9e 2024 a \u00e9t\u00e9 pr\u00e9sent\u00e9. Un point a \u00e9t\u00e9 fait sur l&#8217;\u00e9volution des travaux de la maison du pharmacien. Les pr\u00e9paratifs du congr\u00e8s de l&#8217;Ordre ont \u00e9galement \u00e9t\u00e9 abord\u00e9s. Les implications du nouveau d\u00e9coupage territorial pour l&#8217;ONPBF ont \u00e9t\u00e9 discut\u00e9es. Enfin, le projet de soutien \u00e0 l&#8217;initiative pr\u00e9sidentielle Faso-Mebo a fait l&#8217;objet d&#8217;un d\u00e9bat.<\/p>\n<p><img decoding=\"async\" class=\"alignnone wp-image-6921 size-full\" src=\"https:\/\/ordrepharmacien.bf\/wp-content\/uploads\/2025\/07\/WhatsApp-Image-2025-07-25-a-18.23.07_6d5eb65f.jpg\" alt=\"\" width=\"900\" height=\"536\" srcset=\"https:\/\/ordrepharmacien.bf\/wp-content\/uploads\/2025\/07\/WhatsApp-Image-2025-07-25-a-18.23.07_6d5eb65f.jpg 900w, https:\/\/ordrepharmacien.bf\/wp-content\/uploads\/2025\/07\/WhatsApp-Image-2025-07-25-a-18.23.07_6d5eb65f-300x179.jpg 300w, https:\/\/ordrepharmacien.bf\/wp-content\/uploads\/2025\/07\/WhatsApp-Image-2025-07-25-a-18.23.07_6d5eb65f-768x457.jpg 768w\" sizes=\"(max-width: 900px) 100vw, 900px\" \/><\/p>\n<p>Service communication et relations publique ONPBF<\/p>\n<p>&nbsp;<\/p>\n","protected":false},"excerpt":{"rendered":"<p>L&#8217;Ordre National des Pharmaciens du Burkina Faso (ONPBF) a tenu sa premi\u00e8re session ordinaire de l&#8217;ann\u00e9e 2025 du Conseil National ce vendredi 25 juillet 2025 \u00e0 AZALAI HOTEL\u00a0 \u00e0 Ouagadougou. Cette session a \u00e9t\u00e9 pr\u00e9sid\u00e9e par le Pr\u00e9sident du CONPBF, Dr Nao N\u00e9di\u00e9. Au cours de cette session, plusieurs sujets cruciaux pour la profession pharmaceutique [&hellip;]<\/p>\n","protected":false},"author":1,"featured_media":6916,"comment_status":"open","ping_status":"open","sticky":false,"template":"","format":"standard","meta":{"footnotes":""},"categories":[1],"tags":[],"class_list":["post-6915","post","type-post","status-publish","format-standard","has-post-thumbnail","hentry","category-actualite"],"_links":{"self":[{"href":"https:\/\/ordrepharmacien.bf\/index.php\/wp-json\/wp\/v2\/posts\/6915","targetHints":{"allow":["GET"]}}],"collection":[{"href":"https:\/\/ordrepharmacien.bf\/index.php\/wp-json\/wp\/v2\/posts"}],"about":[{"href":"https:\/\/ordrepharmacien.bf\/index.php\/wp-json\/wp\/v2\/types\/post"}],"author":[{"embeddable":true,"href":"https:\/\/ordrepharmacien.bf\/index.php\/wp-json\/wp\/v2\/users\/1"}],"replies":[{"embeddable":true,"href":"https:\/\/ordrepharmacien.bf\/index.php\/wp-json\/wp\/v2\/comments?post=6915"}],"version-history":[{"count":6,"href":"https:\/\/ordrepharmacien.bf\/index.php\/wp-json\/wp\/v2\/posts\/6915\/revisions"}],"predecessor-version":[{"id":6963,"href":"https:\/\/ordrepharmacien.bf\/index.php\/wp-json\/wp\/v2\/posts\/6915\/revisions\/6963"}],"wp:featuredmedia":[{"embeddable":true,"href":"https:\/\/ordrepharmacien.bf\/index.php\/wp-json\/wp\/v2\/media\/6916"}],"wp:attachment":[{"href":"https:\/\/ordrepharmacien.bf\/index.php\/wp-json\/wp\/v2\/media?parent=6915"}],"wp:term":[{"taxonomy":"category","embeddable":true,"href":"https:\/\/ordrepharmacien.bf\/index.php\/wp-json\/wp\/v2\/categories?post=6915"},{"taxonomy":"post_tag","embeddable":true,"href":"https:\/\/ordrepharmacien.bf\/index.php\/wp-json\/wp\/v2\/tags?post=6915"}],"curies":[{"name":"wp","href":"https:\/\/api.w.org\/{rel}","templated":true}]}}