{"id":5106,"date":"2025-05-20T13:36:38","date_gmt":"2025-05-20T11:36:38","guid":{"rendered":"https:\/\/ordrepharmacien.bf\/?p=5106"},"modified":"2025-06-02T15:44:38","modified_gmt":"2025-06-02T13:44:38","slug":"lordre-national-des-pharmaciens-presente-au-premier-ministre-le-prix-dexcellence-decerne-au-pr-halidou-tinto","status":"publish","type":"post","link":"https:\/\/ordrepharmacien.bf\/index.php\/2025\/05\/20\/lordre-national-des-pharmaciens-presente-au-premier-ministre-le-prix-dexcellence-decerne-au-pr-halidou-tinto\/","title":{"rendered":"L&#8217;Ordre national des Pharmaciens pr\u00e9sente au Premier Ministre le Prix d&#8217;Excellence d\u00e9cern\u00e9 au Pr. Halidou Tinto"},"content":{"rendered":"\n<p>Le Premier Ministre, Rimtalba Jean Emmanuel Ou\u00e9draogo, a re\u00e7u en audience le 13 mai 2025, une d\u00e9l\u00e9gation de l\u2019ordre nationale des pharmaciens du Burkina Faso conduit par son Pr\u00e9sident Dr Nao Nedi\u00e9 en compagnie du Secr\u00e9taire Permanent du Forum pharmaceutique international Dr Alfred Sandouidi. Cette rencontre a \u00e9t\u00e9 marqu\u00e9e par un moment d&#8217;une importance particuli\u00e8re : la pr\u00e9sentation officielle au Chef du Gouvernement du prestigieux: Prix d&#8217;Excellence de la recherche et de l&#8217;innovation de la Pharmacie d&#8217;Afrique, d\u00e9cern\u00e9 au Professeur Halidou Tinto.<\/p>\n\n\n\n<p>Ce prix, institu\u00e9 par l&#8217;Inter Ordre des Pharmaciens d&#8217;Afrique (IOPA), r\u00e9compense l&#8217;engagement exceptionnel d&#8217;un pharmacien dans le domaine de la recherche et de l&#8217;innovation. Pour cette premi\u00e8re \u00e9dition, c&#8217;est le Pr. Halidou Tinto, figure embl\u00e9matique de la pharmacie burkinab\u00e8, a \u00e9t\u00e9 honor\u00e9 le 01 mai 2025 \u00e0 Tunis au cours de la 24\u00e8me edition du Forum pharmaceutique international pour ses travaux de recherche ayant abouti \u00e0 la mise en place d\u2019un vaccin efficace de lutte contre le paludisme, le R21\/MATRIX-M.<\/p>\n\n\n\n<p>Le Professeur Halidou Tinto, avec humilit\u00e9 et fiert\u00e9, a tenu \u00e0 souligner que cette r\u00e9compense, au-del\u00e0 de son m\u00e9rite personnel, est avant tout une reconnaissance de la r\u00e9silience et de la vitalit\u00e9 de la recherche scientifique au Burkina Faso. &#8220;Malgr\u00e9 le contexte difficile que traverse le Burkina Faso, nous continuons \u00e0 produire de la science, \u00e0 g\u00e9n\u00e9rer du savoir et \u00e0 influencer l\u2019histoire de la lutte contre des maladies comme le paludisme, notamment \u00e0 travers nos recherches sur les vaccins&#8221;, a-t-il d\u00e9clar\u00e9.<\/p>\n\n\n\n<figure class=\"wp-block-image size-large\"><img fetchpriority=\"high\" decoding=\"async\" width=\"1024\" height=\"1007\" src=\"https:\/\/ordrepharmacien.bf\/wp-content\/uploads\/2025\/05\/497850459_713273874552310_2221166543936437201_n-1024x1007.jpg\" alt=\"\" class=\"wp-image-5108\" srcset=\"https:\/\/ordrepharmacien.bf\/wp-content\/uploads\/2025\/05\/497850459_713273874552310_2221166543936437201_n-1024x1007.jpg 1024w, https:\/\/ordrepharmacien.bf\/wp-content\/uploads\/2025\/05\/497850459_713273874552310_2221166543936437201_n-600x590.jpg 600w, https:\/\/ordrepharmacien.bf\/wp-content\/uploads\/2025\/05\/497850459_713273874552310_2221166543936437201_n-300x295.jpg 300w, https:\/\/ordrepharmacien.bf\/wp-content\/uploads\/2025\/05\/497850459_713273874552310_2221166543936437201_n-768x755.jpg 768w, https:\/\/ordrepharmacien.bf\/wp-content\/uploads\/2025\/05\/497850459_713273874552310_2221166543936437201_n.jpg 1080w\" sizes=\"(max-width: 1024px) 100vw, 1024px\" \/><\/figure>\n\n\n\n<p><\/p>\n\n\n\n<p>Le Premier Ministre, Monsieur Ou\u00e9draogo, a chaleureusement salu\u00e9 cette distinction. Il a tenu \u00e0 exprimer sa profonde admiration pour l&#8217;engagement et le d\u00e9vouement de l&#8217;ensemble de la communaut\u00e9 scientifique burkinab\u00e8, qui, face aux d\u00e9fis, pers\u00e9v\u00e8re dans sa mission d&#8217;am\u00e9liorer la sant\u00e9 des populations, tant au niveau national qu&#8217;international. Il a soulign\u00e9 l&#8217;honneur que cette reconnaissance apporte au Burkina Faso et rassurer de l\u2019engagement du gouvernement, qui s\u2019inscrit dans la vision du Pr\u00e9sident du Faso, \u00e0 doter les instituts et p\u00f4les de recherche d\u2019\u00e9quipements ad\u00e9quats et performants afin de promouvoir la recherche au Burkina Faso.<\/p>\n\n\n\n<p>L&#8217;Ordre national des Pharmaciens du Burkina Faso se joint \u00e0 la nation pour f\u00e9liciter le Professeur Halidou Tinto et encourage la recherche pharmaceutique et biom\u00e9dicale, un pilier essentiel du d\u00e9veloppement sanitaire de notre pays.<\/p>\n\n\n\n<div class=\"wp-block-cover\"><img decoding=\"async\" width=\"1024\" height=\"625\" class=\"wp-block-cover__image-background wp-image-5152\" alt=\"\" src=\"https:\/\/ordrepharmacien.bf\/wp-content\/uploads\/2025\/05\/496029501_713273867885644_6822992162314912041_n-1024x625.jpg\" data-object-fit=\"cover\" srcset=\"https:\/\/ordrepharmacien.bf\/wp-content\/uploads\/2025\/05\/496029501_713273867885644_6822992162314912041_n-1024x625.jpg 1024w, https:\/\/ordrepharmacien.bf\/wp-content\/uploads\/2025\/05\/496029501_713273867885644_6822992162314912041_n-600x366.jpg 600w, https:\/\/ordrepharmacien.bf\/wp-content\/uploads\/2025\/05\/496029501_713273867885644_6822992162314912041_n-300x183.jpg 300w, https:\/\/ordrepharmacien.bf\/wp-content\/uploads\/2025\/05\/496029501_713273867885644_6822992162314912041_n-768x469.jpg 768w, https:\/\/ordrepharmacien.bf\/wp-content\/uploads\/2025\/05\/496029501_713273867885644_6822992162314912041_n.jpg 1080w\" sizes=\"(max-width: 1024px) 100vw, 1024px\" \/><span aria-hidden=\"true\" class=\"wp-block-cover__background has-background-dim\"><\/span><div class=\"wp-block-cover__inner-container is-layout-flow wp-block-cover-is-layout-flow\">\n<p class=\"has-text-align-center has-large-font-size\"><\/p>\n<\/div><\/div>\n\n\n\n<p><a href=\"https:\/\/www.facebook.com\/hashtag\/pharmacienburkina?__eep__=6&amp;__cft__%5b0%5d=AZWZQbjLGb2umXC6423QZfELNekisOq4quEDojiOSUxpwhbrtDl3mBkMYDbZJdX9hfqqOyMU58ZIOCA8dozs5-IFJNAUs8x5n0W_UzpRe0Ls2B-JnnWtnJxoUykWFIC5DmT_LfYMEH1TuUpq9Tq2fVXbPspidt847Eo38qGkGHqiPHQDk-VJ9pL3RSWKUzsF6SE&amp;__tn__=*NK-R\"><strong>#PharmacienBurkina<\/strong><\/a> <a href=\"https:\/\/www.facebook.com\/hashtag\/recherchescientifique?__eep__=6&amp;__cft__%5b0%5d=AZWZQbjLGb2umXC6423QZfELNekisOq4quEDojiOSUxpwhbrtDl3mBkMYDbZJdX9hfqqOyMU58ZIOCA8dozs5-IFJNAUs8x5n0W_UzpRe0Ls2B-JnnWtnJxoUykWFIC5DmT_LfYMEH1TuUpq9Tq2fVXbPspidt847Eo38qGkGHqiPHQDk-VJ9pL3RSWKUzsF6SE&amp;__tn__=*NK-R\"><strong>#RechercheScientifique<\/strong><\/a> <a href=\"https:\/\/www.facebook.com\/hashtag\/halidoutinto?__eep__=6&amp;__cft__%5b0%5d=AZWZQbjLGb2umXC6423QZfELNekisOq4quEDojiOSUxpwhbrtDl3mBkMYDbZJdX9hfqqOyMU58ZIOCA8dozs5-IFJNAUs8x5n0W_UzpRe0Ls2B-JnnWtnJxoUykWFIC5DmT_LfYMEH1TuUpq9Tq2fVXbPspidt847Eo38qGkGHqiPHQDk-VJ9pL3RSWKUzsF6SE&amp;__tn__=*NK-R\"><strong>#HalidouTinto<\/strong><\/a> <a href=\"https:\/\/www.facebook.com\/hashtag\/prixexcellence?__eep__=6&amp;__cft__%5b0%5d=AZWZQbjLGb2umXC6423QZfELNekisOq4quEDojiOSUxpwhbrtDl3mBkMYDbZJdX9hfqqOyMU58ZIOCA8dozs5-IFJNAUs8x5n0W_UzpRe0Ls2B-JnnWtnJxoUykWFIC5DmT_LfYMEH1TuUpq9Tq2fVXbPspidt847Eo38qGkGHqiPHQDk-VJ9pL3RSWKUzsF6SE&amp;__tn__=*NK-R\"><strong>#PrixExcellence<\/strong><\/a> <a href=\"https:\/\/www.facebook.com\/hashtag\/sant%C3%A9publique?__eep__=6&amp;__cft__%5b0%5d=AZWZQbjLGb2umXC6423QZfELNekisOq4quEDojiOSUxpwhbrtDl3mBkMYDbZJdX9hfqqOyMU58ZIOCA8dozs5-IFJNAUs8x5n0W_UzpRe0Ls2B-JnnWtnJxoUykWFIC5DmT_LfYMEH1TuUpq9Tq2fVXbPspidt847Eo38qGkGHqiPHQDk-VJ9pL3RSWKUzsF6SE&amp;__tn__=*NK-R\"><strong>#Sant\u00e9publique<\/strong><\/a> <a href=\"https:\/\/www.facebook.com\/hashtag\/burkinafaso?__eep__=6&amp;__cft__%5b0%5d=AZWZQbjLGb2umXC6423QZfELNekisOq4quEDojiOSUxpwhbrtDl3mBkMYDbZJdX9hfqqOyMU58ZIOCA8dozs5-IFJNAUs8x5n0W_UzpRe0Ls2B-JnnWtnJxoUykWFIC5DmT_LfYMEH1TuUpq9Tq2fVXbPspidt847Eo38qGkGHqiPHQDk-VJ9pL3RSWKUzsF6SE&amp;__tn__=*NK-R\"><strong>#BurkinaFaso<\/strong><\/a> <a href=\"https:\/\/www.facebook.com\/hashtag\/onpb?__eep__=6&amp;__cft__%5b0%5d=AZWZQbjLGb2umXC6423QZfELNekisOq4quEDojiOSUxpwhbrtDl3mBkMYDbZJdX9hfqqOyMU58ZIOCA8dozs5-IFJNAUs8x5n0W_UzpRe0Ls2B-JnnWtnJxoUykWFIC5DmT_LfYMEH1TuUpq9Tq2fVXbPspidt847Eo38qGkGHqiPHQDk-VJ9pL3RSWKUzsF6SE&amp;__tn__=*NK-R\"><strong>#ONPB<\/strong><\/a><\/p>\n\n\n\n<p>Service Communication et Relations Publiques\/ONPB<\/p>\n\n\n\n<p><\/p>\n","protected":false},"excerpt":{"rendered":"<p>Le Premier Ministre, Rimtalba Jean Emmanuel Ou\u00e9draogo, a re\u00e7u en audience le 13 mai 2025, une d\u00e9l\u00e9gation de l\u2019ordre nationale des pharmaciens du Burkina Faso conduit par son Pr\u00e9sident Dr Nao Nedi\u00e9 en compagnie du Secr\u00e9taire Permanent du Forum pharmaceutique international Dr Alfred Sandouidi. Cette rencontre a \u00e9t\u00e9 marqu\u00e9e par un moment d&#8217;une importance particuli\u00e8re [&hellip;]<\/p>\n","protected":false},"author":1,"featured_media":5107,"comment_status":"open","ping_status":"open","sticky":false,"template":"","format":"standard","meta":{"footnotes":""},"categories":[1],"tags":[49,4,52],"class_list":["post-5106","post","type-post","status-publish","format-standard","has-post-thumbnail","hentry","category-actualite","tag-halidou-tinto","tag-ordre","tag-premier-ministre"],"_links":{"self":[{"href":"https:\/\/ordrepharmacien.bf\/index.php\/wp-json\/wp\/v2\/posts\/5106","targetHints":{"allow":["GET"]}}],"collection":[{"href":"https:\/\/ordrepharmacien.bf\/index.php\/wp-json\/wp\/v2\/posts"}],"about":[{"href":"https:\/\/ordrepharmacien.bf\/index.php\/wp-json\/wp\/v2\/types\/post"}],"author":[{"embeddable":true,"href":"https:\/\/ordrepharmacien.bf\/index.php\/wp-json\/wp\/v2\/users\/1"}],"replies":[{"embeddable":true,"href":"https:\/\/ordrepharmacien.bf\/index.php\/wp-json\/wp\/v2\/comments?post=5106"}],"version-history":[{"count":0,"href":"https:\/\/ordrepharmacien.bf\/index.php\/wp-json\/wp\/v2\/posts\/5106\/revisions"}],"wp:featuredmedia":[{"embeddable":true,"href":"https:\/\/ordrepharmacien.bf\/index.php\/wp-json\/wp\/v2\/media\/5107"}],"wp:attachment":[{"href":"https:\/\/ordrepharmacien.bf\/index.php\/wp-json\/wp\/v2\/media?parent=5106"}],"wp:term":[{"taxonomy":"category","embeddable":true,"href":"https:\/\/ordrepharmacien.bf\/index.php\/wp-json\/wp\/v2\/categories?post=5106"},{"taxonomy":"post_tag","embeddable":true,"href":"https:\/\/ordrepharmacien.bf\/index.php\/wp-json\/wp\/v2\/tags?post=5106"}],"curies":[{"name":"wp","href":"https:\/\/api.w.org\/{rel}","templated":true}]}}