{"id":5091,"date":"2025-05-20T13:06:16","date_gmt":"2025-05-20T11:06:16","guid":{"rendered":"https:\/\/ordrepharmacien.bf\/?p=5091"},"modified":"2025-07-29T13:09:16","modified_gmt":"2025-07-29T11:09:16","slug":"installation-du-comite-dorganisation-du-10e-congres-de-lordre-national-des-pharmaciens-du-burkina-faso","status":"publish","type":"post","link":"https:\/\/ordrepharmacien.bf\/index.php\/2025\/05\/20\/installation-du-comite-dorganisation-du-10e-congres-de-lordre-national-des-pharmaciens-du-burkina-faso\/","title":{"rendered":"Installation du Comit\u00e9 d\u2019Organisation du 10e congr\u00e8s de l\u2019Ordre National des Pharmaciens du Burkina Faso"},"content":{"rendered":"\n<p>L&#8217;Ordre National des Pharmaciens du Burkina Faso a officiellement mis en place le comit\u00e9 d&#8217;organisation du 10\u00e8me Congr\u00e8s Ordinaire et de la 6\u00e8me Journ\u00e9e Pharmaceutique de l&#8217;Ordre, lors d&#8217;une c\u00e9r\u00e9monie qui s&#8217;est tenue le vendredi 25 avril 2025 \u00e0 Ouagadougou.<\/p>\n\n\n\n<p>Cet \u00e9v\u00e9nement marque le d\u00e9but des pr\u00e9paratifs pour le congr\u00e8s, pr\u00e9vu les \ud835\udff5 \ud835\uddf2\ud835\ude01 \ud835\udfed\ud835\udfec \ud835\uddfc\ud835\uddf0\ud835\ude01\ud835\uddfc\ud835\uddef\ud835\uddff\ud835\uddf2 \ud835\udfee\ud835\udfec\ud835\udfee\ud835\udff1 \u00e0 \ud835\uddf9\ud835\uddee \ud835\udde6\ud835\uddee\ud835\uddf9\ud835\uddf9\ud835\uddf2 \ud835\uddf1\ud835\uddf2\ud835\ude00 \ud835\uddd6\ud835\uddfc\ud835\uddfb\ud835\uddf3\u00e9\ud835\uddff\ud835\uddf2\ud835\uddfb\ud835\uddf0\ud835\uddf2\ud835\ude00 \ud835\uddf1\ud835\uddf2 \ud835\udde2\ud835\ude02\ud835\uddee\ud835\uddf4\ud835\uddee \ud835\udfee\ud835\udfec\ud835\udfec\ud835\udfec, \ud835\ude00\ud835\uddfc\ud835\ude02\ud835\ude00 \ud835\uddf9\ud835\uddf2 \ud835\ude01\ud835\uddf5\u00e8\ud835\uddfa\ud835\uddf2 : \u00ab \ud835\udde6\ud835\uddfc\ud835\ude02\ud835\ude03\ud835\uddf2\ud835\uddff\ud835\uddee\ud835\uddf6\ud835\uddfb\ud835\uddf2\ud835\ude01\u00e9 \ud835\uddfd\ud835\uddf5\ud835\uddee\ud835\uddff\ud835\uddfa\ud835\uddee\ud835\uddf0\ud835\uddf2\ud835\ude02\ud835\ude01\ud835\uddf6\ud835\uddfe\ud835\ude02\ud835\uddf2 \ud835\uddee\ud835\ude02 \ud835\uddd5\ud835\ude02\ud835\uddff\ud835\uddf8\ud835\uddf6\ud835\uddfb\ud835\uddee \ud835\uddd9\ud835\uddee\ud835\ude00\ud835\uddfc : \ud835\uddf1\u00e9\ud835\uddf3\ud835\uddf6\ud835\ude00 \ud835\uddf2\ud835\ude01 \ud835\uddfc\ud835\uddfd\ud835\uddfd\ud835\uddfc\ud835\uddff\ud835\ude01\ud835\ude02\ud835\uddfb\ud835\uddf6\ud835\ude01\u00e9\ud835\ude00 \u00bb.<\/p>\n\n\n\n<figure class=\"wp-block-image size-large\"><img fetchpriority=\"high\" decoding=\"async\" width=\"1024\" height=\"680\" src=\"https:\/\/ordrepharmacien.bf\/wp-content\/uploads\/2025\/05\/492509583_700887259124305_4234403318936804325_n-1024x680.jpg\" alt=\"\" class=\"wp-image-5092\" srcset=\"https:\/\/ordrepharmacien.bf\/wp-content\/uploads\/2025\/05\/492509583_700887259124305_4234403318936804325_n-1024x680.jpg 1024w, https:\/\/ordrepharmacien.bf\/wp-content\/uploads\/2025\/05\/492509583_700887259124305_4234403318936804325_n-600x398.jpg 600w, https:\/\/ordrepharmacien.bf\/wp-content\/uploads\/2025\/05\/492509583_700887259124305_4234403318936804325_n-300x199.jpg 300w, https:\/\/ordrepharmacien.bf\/wp-content\/uploads\/2025\/05\/492509583_700887259124305_4234403318936804325_n-768x510.jpg 768w, https:\/\/ordrepharmacien.bf\/wp-content\/uploads\/2025\/05\/492509583_700887259124305_4234403318936804325_n-1536x1020.jpg 1536w, https:\/\/ordrepharmacien.bf\/wp-content\/uploads\/2025\/05\/492509583_700887259124305_4234403318936804325_n.jpg 1600w\" sizes=\"(max-width: 1024px) 100vw, 1024px\" \/><\/figure>\n\n\n\n<p>Le comit\u00e9 ainsi install\u00e9 est charg\u00e9 de piloter l&#8217;organisation de cet important rendez-vous, qui r\u00e9unira les pharmaciens, les professionnels de la pharmacie, les chercheurs, les d\u00e9cideurs, les industriels, les op\u00e9rateurs \u00e9conomiques et les acteurs cl\u00e9s du secteur.<\/p>\n\n\n\n<p>Ses principales missions consistent \u00e0 d\u00e9finir le programme scientifique, assurer la logistique, mobiliser les partenaires, mettre en place la strat\u00e9gie de communication, g\u00e9rer le budget et coordonner les activit\u00e9s des diff\u00e9rentes commissions.<\/p>\n\n\n\n<p>Le congr\u00e8s vise \u00e0 favoriser les \u00e9changes sur les enjeux actuels de la pharmacie au Burkina Faso, \u00e0 partager les exp\u00e9riences et \u00e0 explorer les opportunit\u00e9s de d\u00e9veloppement du secteur pharmaceutique.<\/p>\n\n\n\n<p>\ud835\udde6\ud835\uddf2\ud835\uddff\ud835\ude03\ud835\uddf6\ud835\uddf0\ud835\uddf2 \ud835\uddf1\ud835\uddf2 \ud835\uddf0\ud835\uddfc\ud835\uddfa\ud835\uddfa\ud835\ude02\ud835\uddfb\ud835\uddf6\ud835\uddf0\ud835\uddee\ud835\ude01\ud835\uddf6\ud835\uddfc\ud835\uddfb \ud835\uddf2\ud835\ude01 \ud835\uddf1\ud835\uddf2\ud835\ude00 \ud835\uddff\ud835\uddf2\ud835\uddf9\ud835\uddee\ud835\ude01\ud835\uddf6\ud835\uddfc\ud835\uddfb\ud835\ude00 \ud835\uddfd\ud835\ude02\ud835\uddef\ud835\uddf9\ud835\uddf6\ud835\uddfe\ud835\ude02\ud835\uddf2\ud835\ude00 \ud835\udde2\ud835\udde1\ud835\udde3\ud835\uddd5\ud835\uddd9<\/p>\n\n\n\n<p><\/p>\n","protected":false},"excerpt":{"rendered":"<p>L&#8217;Ordre National des Pharmaciens du Burkina Faso a officiellement mis en place le comit\u00e9 d&#8217;organisation du 10\u00e8me Congr\u00e8s Ordinaire et de la 6\u00e8me Journ\u00e9e Pharmaceutique de l&#8217;Ordre, lors d&#8217;une c\u00e9r\u00e9monie qui s&#8217;est tenue le vendredi 25 avril 2025 \u00e0 Ouagadougou. Cet \u00e9v\u00e9nement marque le d\u00e9but des pr\u00e9paratifs pour le congr\u00e8s, pr\u00e9vu les \ud835\udff5 \ud835\uddf2\ud835\ude01 \ud835\udfed\ud835\udfec [&hellip;]<\/p>\n","protected":false},"author":1,"featured_media":5093,"comment_status":"open","ping_status":"open","sticky":false,"template":"","format":"standard","meta":{"footnotes":""},"categories":[63,1,2],"tags":[47,48],"class_list":["post-5091","post","type-post","status-publish","format-standard","has-post-thumbnail","hentry","category-10-eme-congres-6eme-journee","category-actualite","category-evenements","tag-congres","tag-onpbf"],"_links":{"self":[{"href":"https:\/\/ordrepharmacien.bf\/index.php\/wp-json\/wp\/v2\/posts\/5091","targetHints":{"allow":["GET"]}}],"collection":[{"href":"https:\/\/ordrepharmacien.bf\/index.php\/wp-json\/wp\/v2\/posts"}],"about":[{"href":"https:\/\/ordrepharmacien.bf\/index.php\/wp-json\/wp\/v2\/types\/post"}],"author":[{"embeddable":true,"href":"https:\/\/ordrepharmacien.bf\/index.php\/wp-json\/wp\/v2\/users\/1"}],"replies":[{"embeddable":true,"href":"https:\/\/ordrepharmacien.bf\/index.php\/wp-json\/wp\/v2\/comments?post=5091"}],"version-history":[{"count":1,"href":"https:\/\/ordrepharmacien.bf\/index.php\/wp-json\/wp\/v2\/posts\/5091\/revisions"}],"predecessor-version":[{"id":6947,"href":"https:\/\/ordrepharmacien.bf\/index.php\/wp-json\/wp\/v2\/posts\/5091\/revisions\/6947"}],"wp:featuredmedia":[{"embeddable":true,"href":"https:\/\/ordrepharmacien.bf\/index.php\/wp-json\/wp\/v2\/media\/5093"}],"wp:attachment":[{"href":"https:\/\/ordrepharmacien.bf\/index.php\/wp-json\/wp\/v2\/media?parent=5091"}],"wp:term":[{"taxonomy":"category","embeddable":true,"href":"https:\/\/ordrepharmacien.bf\/index.php\/wp-json\/wp\/v2\/categories?post=5091"},{"taxonomy":"post_tag","embeddable":true,"href":"https:\/\/ordrepharmacien.bf\/index.php\/wp-json\/wp\/v2\/tags?post=5091"}],"curies":[{"name":"wp","href":"https:\/\/api.w.org\/{rel}","templated":true}]}}